{"id":598,"date":"2019-12-29T14:43:01","date_gmt":"2019-12-29T13:43:01","guid":{"rendered":"https:\/\/www.image7.fr\/en\/?p=505"},"modified":"2019-12-29T14:43:01","modified_gmt":"2019-12-29T13:43:01","slug":"anne-meaux-guest-on-femmes-puissantes-lea-salame-on-france-inter","status":"publish","type":"post","link":"https:\/\/www.image7.fr\/en\/anne-meaux-guest-on-femmes-puissantes-lea-salame-on-france-inter\/","title":{"rendered":"Anne M\u00e9aux guest on Femmes puissantes &#8211; L\u00e9a Salam\u00e9 on France Inter"},"content":{"rendered":"<p>On December 29, 2019, Anne M\u00e9aux was the guest of <a href=\"https:\/\/www.radiofrance.fr\/franceinter\/podcasts\/femmes-puissantes\/anne-meaux-conseillere-en-communication-la-puissance-alliee-au-courage-permet-de-soulever-des-montagnes-8467945\">L\u00e9a Salam\u00e9<\/a> on french national public radio station France Inter :<\/p>\n","protected":false},"excerpt":{"rendered":"<p>On December 29, 2019, Anne M\u00e9aux was the guest of L\u00e9a Salam\u00e9 on french national public radio station France Inter :<\/p>\n","protected":false},"author":1,"featured_media":0,"comment_status":"closed","ping_status":"closed","sticky":false,"template":"","format":"standard","meta":{"_acf_changed":false,"footnotes":""},"categories":[1],"tags":[],"class_list":["post-598","post","type-post","status-publish","format-standard","hentry","category-focus"],"yoast_head":"<!-- This site is optimized with the Yoast SEO plugin v27.1.1 - https:\/\/yoast.com\/product\/yoast-seo-wordpress\/ -->\n<title>Anne M\u00e9aux guest on Femmes puissantes - L\u00e9a Salam\u00e9 on France Inter - Image Sept<\/title>\n<meta name=\"robots\" content=\"index, follow, max-snippet:-1, max-image-preview:large, max-video-preview:-1\" \/>\n<link rel=\"canonical\" href=\"https:\/\/www.image7.fr\/en\/anne-meaux-guest-on-femmes-puissantes-lea-salame-on-france-inter\/\" \/>\n<meta property=\"og:locale\" content=\"fr_FR\" \/>\n<meta property=\"og:type\" content=\"article\" \/>\n<meta property=\"og:title\" content=\"Anne M\u00e9aux guest on Femmes puissantes - L\u00e9a Salam\u00e9 on France Inter - Image Sept\" \/>\n<meta property=\"og:description\" content=\"On December 29, 2019, Anne M\u00e9aux was the guest of L\u00e9a Salam\u00e9 on french national public radio station France Inter :\" \/>\n<meta property=\"og:url\" content=\"https:\/\/www.image7.fr\/en\/anne-meaux-guest-on-femmes-puissantes-lea-salame-on-france-inter\/\" \/>\n<meta property=\"og:site_name\" content=\"Image Sept\" \/>\n<meta property=\"article:published_time\" content=\"2019-12-29T13:43:01+00:00\" \/>\n<meta name=\"author\" content=\"admin\" \/>\n<meta name=\"twitter:label1\" content=\"\u00c9crit par\" \/>\n\t<meta name=\"twitter:data1\" content=\"admin\" \/>\n\t<meta name=\"twitter:label2\" content=\"Dur\u00e9e de lecture estim\u00e9e\" \/>\n\t<meta name=\"twitter:data2\" content=\"1 minute\" \/>\n<script type=\"application\/ld+json\" class=\"yoast-schema-graph\">{\"@context\":\"https:\/\/schema.org\",\"@graph\":[{\"@type\":\"Article\",\"@id\":\"https:\/\/www.image7.fr\/en\/anne-meaux-guest-on-femmes-puissantes-lea-salame-on-france-inter\/#article\",\"isPartOf\":{\"@id\":\"https:\/\/www.image7.fr\/en\/anne-meaux-guest-on-femmes-puissantes-lea-salame-on-france-inter\/\"},\"author\":{\"name\":\"admin\",\"@id\":\"https:\/\/www.image7.fr\/en\/#\/schema\/person\/d09530ed665dadb9740e04c5a404ca15\"},\"headline\":\"Anne M\u00e9aux guest on Femmes puissantes &#8211; L\u00e9a Salam\u00e9 on France Inter\",\"datePublished\":\"2019-12-29T13:43:01+00:00\",\"mainEntityOfPage\":{\"@id\":\"https:\/\/www.image7.fr\/en\/anne-meaux-guest-on-femmes-puissantes-lea-salame-on-france-inter\/\"},\"wordCount\":34,\"articleSection\":[\"Focus\"],\"inLanguage\":\"fr-FR\"},{\"@type\":\"WebPage\",\"@id\":\"https:\/\/www.image7.fr\/en\/anne-meaux-guest-on-femmes-puissantes-lea-salame-on-france-inter\/\",\"url\":\"https:\/\/www.image7.fr\/en\/anne-meaux-guest-on-femmes-puissantes-lea-salame-on-france-inter\/\",\"name\":\"Anne M\u00e9aux guest on Femmes puissantes - L\u00e9a Salam\u00e9 on France Inter - Image Sept\",\"isPartOf\":{\"@id\":\"https:\/\/www.image7.fr\/en\/#website\"},\"datePublished\":\"2019-12-29T13:43:01+00:00\",\"author\":{\"@id\":\"https:\/\/www.image7.fr\/en\/#\/schema\/person\/d09530ed665dadb9740e04c5a404ca15\"},\"breadcrumb\":{\"@id\":\"https:\/\/www.image7.fr\/en\/anne-meaux-guest-on-femmes-puissantes-lea-salame-on-france-inter\/#breadcrumb\"},\"inLanguage\":\"fr-FR\",\"potentialAction\":[{\"@type\":\"ReadAction\",\"target\":[\"https:\/\/www.image7.fr\/en\/anne-meaux-guest-on-femmes-puissantes-lea-salame-on-france-inter\/\"]}]},{\"@type\":\"BreadcrumbList\",\"@id\":\"https:\/\/www.image7.fr\/en\/anne-meaux-guest-on-femmes-puissantes-lea-salame-on-france-inter\/#breadcrumb\",\"itemListElement\":[{\"@type\":\"ListItem\",\"position\":1,\"name\":\"Accueil\",\"item\":\"https:\/\/www.image7.fr\/en\/\"},{\"@type\":\"ListItem\",\"position\":2,\"name\":\"Anne M\u00e9aux guest on Femmes puissantes &#8211; L\u00e9a Salam\u00e9 on France Inter\"}]},{\"@type\":\"WebSite\",\"@id\":\"https:\/\/www.image7.fr\/en\/#website\",\"url\":\"https:\/\/www.image7.fr\/en\/\",\"name\":\"Image Sept\",\"description\":\"Un site utilisant R\u00e9seau Image 7\",\"potentialAction\":[{\"@type\":\"SearchAction\",\"target\":{\"@type\":\"EntryPoint\",\"urlTemplate\":\"https:\/\/www.image7.fr\/en\/?s={search_term_string}\"},\"query-input\":{\"@type\":\"PropertyValueSpecification\",\"valueRequired\":true,\"valueName\":\"search_term_string\"}}],\"inLanguage\":\"fr-FR\"},{\"@type\":\"Person\",\"@id\":\"https:\/\/www.image7.fr\/en\/#\/schema\/person\/d09530ed665dadb9740e04c5a404ca15\",\"name\":\"admin\",\"image\":{\"@type\":\"ImageObject\",\"inLanguage\":\"fr-FR\",\"@id\":\"https:\/\/www.image7.fr\/en\/#\/schema\/person\/image\/\",\"url\":\"https:\/\/secure.gravatar.com\/avatar\/d0446311f8bb9fa416f4b2cdeb23e9a69ae5454b6efa52b5aa79ac64a072c5d5?s=96&d=mm&r=g\",\"contentUrl\":\"https:\/\/secure.gravatar.com\/avatar\/d0446311f8bb9fa416f4b2cdeb23e9a69ae5454b6efa52b5aa79ac64a072c5d5?s=96&d=mm&r=g\",\"caption\":\"admin\"},\"url\":\"https:\/\/www.image7.fr\/en\/author\/admin\/\"}]}<\/script>\n<!-- \/ Yoast SEO plugin. -->","yoast_head_json":{"title":"Anne M\u00e9aux guest on Femmes puissantes - L\u00e9a Salam\u00e9 on France Inter - Image Sept","robots":{"index":"index","follow":"follow","max-snippet":"max-snippet:-1","max-image-preview":"max-image-preview:large","max-video-preview":"max-video-preview:-1"},"canonical":"https:\/\/www.image7.fr\/en\/anne-meaux-guest-on-femmes-puissantes-lea-salame-on-france-inter\/","og_locale":"fr_FR","og_type":"article","og_title":"Anne M\u00e9aux guest on Femmes puissantes - L\u00e9a Salam\u00e9 on France Inter - Image Sept","og_description":"On December 29, 2019, Anne M\u00e9aux was the guest of L\u00e9a Salam\u00e9 on french national public radio station France Inter :","og_url":"https:\/\/www.image7.fr\/en\/anne-meaux-guest-on-femmes-puissantes-lea-salame-on-france-inter\/","og_site_name":"Image Sept","article_published_time":"2019-12-29T13:43:01+00:00","author":"admin","twitter_misc":{"\u00c9crit par":"admin","Dur\u00e9e de lecture estim\u00e9e":"1 minute"},"schema":{"@context":"https:\/\/schema.org","@graph":[{"@type":"Article","@id":"https:\/\/www.image7.fr\/en\/anne-meaux-guest-on-femmes-puissantes-lea-salame-on-france-inter\/#article","isPartOf":{"@id":"https:\/\/www.image7.fr\/en\/anne-meaux-guest-on-femmes-puissantes-lea-salame-on-france-inter\/"},"author":{"name":"admin","@id":"https:\/\/www.image7.fr\/en\/#\/schema\/person\/d09530ed665dadb9740e04c5a404ca15"},"headline":"Anne M\u00e9aux guest on Femmes puissantes &#8211; L\u00e9a Salam\u00e9 on France Inter","datePublished":"2019-12-29T13:43:01+00:00","mainEntityOfPage":{"@id":"https:\/\/www.image7.fr\/en\/anne-meaux-guest-on-femmes-puissantes-lea-salame-on-france-inter\/"},"wordCount":34,"articleSection":["Focus"],"inLanguage":"fr-FR"},{"@type":"WebPage","@id":"https:\/\/www.image7.fr\/en\/anne-meaux-guest-on-femmes-puissantes-lea-salame-on-france-inter\/","url":"https:\/\/www.image7.fr\/en\/anne-meaux-guest-on-femmes-puissantes-lea-salame-on-france-inter\/","name":"Anne M\u00e9aux guest on Femmes puissantes - L\u00e9a Salam\u00e9 on France Inter - Image Sept","isPartOf":{"@id":"https:\/\/www.image7.fr\/en\/#website"},"datePublished":"2019-12-29T13:43:01+00:00","author":{"@id":"https:\/\/www.image7.fr\/en\/#\/schema\/person\/d09530ed665dadb9740e04c5a404ca15"},"breadcrumb":{"@id":"https:\/\/www.image7.fr\/en\/anne-meaux-guest-on-femmes-puissantes-lea-salame-on-france-inter\/#breadcrumb"},"inLanguage":"fr-FR","potentialAction":[{"@type":"ReadAction","target":["https:\/\/www.image7.fr\/en\/anne-meaux-guest-on-femmes-puissantes-lea-salame-on-france-inter\/"]}]},{"@type":"BreadcrumbList","@id":"https:\/\/www.image7.fr\/en\/anne-meaux-guest-on-femmes-puissantes-lea-salame-on-france-inter\/#breadcrumb","itemListElement":[{"@type":"ListItem","position":1,"name":"Accueil","item":"https:\/\/www.image7.fr\/en\/"},{"@type":"ListItem","position":2,"name":"Anne M\u00e9aux guest on Femmes puissantes &#8211; L\u00e9a Salam\u00e9 on France Inter"}]},{"@type":"WebSite","@id":"https:\/\/www.image7.fr\/en\/#website","url":"https:\/\/www.image7.fr\/en\/","name":"Image Sept","description":"Un site utilisant R\u00e9seau Image 7","potentialAction":[{"@type":"SearchAction","target":{"@type":"EntryPoint","urlTemplate":"https:\/\/www.image7.fr\/en\/?s={search_term_string}"},"query-input":{"@type":"PropertyValueSpecification","valueRequired":true,"valueName":"search_term_string"}}],"inLanguage":"fr-FR"},{"@type":"Person","@id":"https:\/\/www.image7.fr\/en\/#\/schema\/person\/d09530ed665dadb9740e04c5a404ca15","name":"admin","image":{"@type":"ImageObject","inLanguage":"fr-FR","@id":"https:\/\/www.image7.fr\/en\/#\/schema\/person\/image\/","url":"https:\/\/secure.gravatar.com\/avatar\/d0446311f8bb9fa416f4b2cdeb23e9a69ae5454b6efa52b5aa79ac64a072c5d5?s=96&d=mm&r=g","contentUrl":"https:\/\/secure.gravatar.com\/avatar\/d0446311f8bb9fa416f4b2cdeb23e9a69ae5454b6efa52b5aa79ac64a072c5d5?s=96&d=mm&r=g","caption":"admin"},"url":"https:\/\/www.image7.fr\/en\/author\/admin\/"}]}},"acf":[],"_links":{"self":[{"href":"https:\/\/www.image7.fr\/en\/wp-json\/wp\/v2\/posts\/598","targetHints":{"allow":["GET"]}}],"collection":[{"href":"https:\/\/www.image7.fr\/en\/wp-json\/wp\/v2\/posts"}],"about":[{"href":"https:\/\/www.image7.fr\/en\/wp-json\/wp\/v2\/types\/post"}],"author":[{"embeddable":true,"href":"https:\/\/www.image7.fr\/en\/wp-json\/wp\/v2\/users\/1"}],"replies":[{"embeddable":true,"href":"https:\/\/www.image7.fr\/en\/wp-json\/wp\/v2\/comments?post=598"}],"version-history":[{"count":0,"href":"https:\/\/www.image7.fr\/en\/wp-json\/wp\/v2\/posts\/598\/revisions"}],"wp:attachment":[{"href":"https:\/\/www.image7.fr\/en\/wp-json\/wp\/v2\/media?parent=598"}],"wp:term":[{"taxonomy":"category","embeddable":true,"href":"https:\/\/www.image7.fr\/en\/wp-json\/wp\/v2\/categories?post=598"},{"taxonomy":"post_tag","embeddable":true,"href":"https:\/\/www.image7.fr\/en\/wp-json\/wp\/v2\/tags?post=598"}],"curies":[{"name":"wp","href":"https:\/\/api.w.org\/{rel}","templated":true}]}}